{"id":5602,"date":"2025-10-13T00:31:04","date_gmt":"2025-10-12T23:31:04","guid":{"rendered":"https:\/\/sartoriatelier.com\/?p=5602"},"modified":"2025-10-22T08:59:21","modified_gmt":"2025-10-22T07:59:21","slug":"voilahow-a-happy-mistake-turned-into-an-iconic-lingerie-piece","status":"publish","type":"post","link":"https:\/\/sartoriatelier.com\/es\/voilahow-a-happy-mistake-turned-into-an-iconic-lingerie-piece\/","title":{"rendered":"Como de un Error naci\u00f3 el dise\u00f1o del Bralette Voil\u00e0"},"content":{"rendered":"<div class=\"wpb-content-wrapper\"><div  class=\"sec_row container\"><div class=\"vc_row wpb_row vc_row-fluid\"><div class=\"wpb_column vc_column_container vc_col-sm-12 et-dark-column\"><div class=\"vc_column-inner\"><div class=\"wpb_wrapper\">\t<div class=\"et-testimonial\">\n\t\t\t\t<blockquote><p>Lo extraordinario no es inmediato. Aguarda a ese segundo acto donde un fallo de c\u00e1lculo se revela como mi mejor dise\u00f1o. Ah\u00ed es donde todo cambia.<\/p>\n<\/blockquote>\n\t\t\t<\/div>\n\n\t\n\t<div class=\"wpb_text_column wpb_content_element\" >\n\t\t<div class=\"wpb_wrapper\">\n\t\t\t<h3 data-start=\"459\" data-end=\"506\"><strong data-start=\"463\" data-end=\"506\">El nacimiento accidental de una prenda emblem\u00e1tica<\/strong><\/h3>\n<p data-start=\"508\" data-end=\"785\">Hay d\u00edas en el atelier que empiezan con un plan perfectamente trazado y terminan con algo que no estaba en los planes: una creaci\u00f3n que decide tener vida propia.<br data-start=\"676\" data-end=\"679\" \/>El <strong data-start=\"683\" data-end=\"701\">Voil\u00e0 bralette<\/strong> naci\u00f3 as\u00ed, de un giro inesperado. De una prenda que se neg\u00f3 a seguir el guion.<\/p>\n<p data-start=\"787\" data-end=\"1107\">Todo comenz\u00f3 con un dise\u00f1o sencillo: dos capas separadas, encaje por fuera y tul negro transparente por dentro. Una combinaci\u00f3n de delicadeza y estructura.<br data-start=\"954\" data-end=\"957\" \/>Como suelo hacer con mis prototipos, lo confeccion\u00e9 en mi talla para probarlo personalmente\u2014una costumbre que a veces me juega en contra cuando mi cuerpo cambia sin avisar.<\/p>\n<p data-start=\"1109\" data-end=\"1308\">Al terminarlo y probarlo, lleg\u00f3 la sorpresa: el encaje no ten\u00eda elasticidad. Ni un mil\u00edmetro. El bralette me quedaba peque\u00f1o.<br data-start=\"1234\" data-end=\"1237\" \/>Pero jam\u00e1s desperdiciar\u00eda un encaje as\u00ed. As\u00ed que decid\u00ed improvisar.<\/p>\n<hr data-start=\"1310\" data-end=\"1313\" \/>\n<h3 data-start=\"1315\" data-end=\"1356\"><strong data-start=\"1319\" data-end=\"1356\">Cuando el azar encuentra las manos adecuadas<\/strong><\/h3>\n<p data-start=\"1358\" data-end=\"1677\">Con las tijeras\u2014esas aliadas de cada momento cr\u00edtico\u2014abr\u00ed el frente y a\u00f1ad\u00ed un cierre met\u00e1lico. No solo resolv\u00eda el problema de ajuste, tambi\u00e9n aportaba un detalle visual inesperado.<br data-start=\"1564\" data-end=\"1567\" \/>Entonces apareci\u00f3 un nuevo desaf\u00edo: el interior ya no encajaba con la nueva estructura. La silueta hab\u00eda cambiado por completo.<\/p>\n<p data-start=\"1679\" data-end=\"1739\">Y ah\u00ed tom\u00e9 la decisi\u00f3n que lo transform\u00f3 todo.<\/p>\n\n\t\t<\/div>\n\t<\/div>\n<div class=\"vc_row wpb_row vc_inner vc_row-fluid max_width\"><div class=\"wpb_column vc_column_container vc_col-sm-6 et-dark-column\"><div class=\"vc_column-inner\"><div class=\"wpb_wrapper\">\n\t<div class=\"wpb_text_column wpb_content_element\" >\n\t\t<div class=\"wpb_wrapper\">\n\t\t\t<p data-start=\"1741\" data-end=\"2052\">En lugar de rehacer el forro, elimin\u00e9 casi toda la tela interior, dejando \u00fanicamente el el\u00e1stico del borde.<br data-start=\"1841\" data-end=\"1844\" \/>Lo que muchas no saben es que toda prenda de lencer\u00eda tiene un \u201cesqueleto\u201d: un sistema de el\u00e1sticos invisibles que sostiene y define el contorno del cuerpo.<\/p>\n<p data-start=\"2054\" data-end=\"2202\">Al dejar esa estructura al descubierto, algo m\u00e1gico ocurri\u00f3. El bralette adquiri\u00f3 car\u00e1cter. Se volvi\u00f3 m\u00e1s sensual, m\u00e1s arquitect\u00f3nico, casi escult\u00f3rico.<\/p>\n\n\t\t<\/div>\n\t<\/div>\n<\/div><\/div><\/div><div class=\"wpb_column vc_column_container vc_col-sm-6 et-dark-column\"><div class=\"vc_column-inner\"><div class=\"wpb_wrapper\">\n\t<div  class=\"wpb_single_image wpb_content_element vc_align_left wpb_content_element\">\n\t\t\n\t\t<figure class=\"wpb_wrapper vc_figure\">\n\t\t\t<div class=\"vc_single_image-wrapper   vc_box_border_grey\"><img decoding=\"async\" width=\"240\" height=\"300\" src=\"https:\/\/sartoriatelier.com\/wp-content\/uploads\/2025\/04\/Voila-back-240x300.webp\" class=\"vc_single_image-img attachment-medium\" alt=\"Mujer en conjunto de lencer\u00eda negro minimal, tanga delicada y elegante.\" title=\"Voila-back\" srcset=\"https:\/\/sartoriatelier.com\/wp-content\/uploads\/2025\/04\/Voila-back-240x300.webp 240w, https:\/\/sartoriatelier.com\/wp-content\/uploads\/2025\/04\/Voila-back-819x1024.webp 819w, https:\/\/sartoriatelier.com\/wp-content\/uploads\/2025\/04\/Voila-back-768x960.webp 768w, https:\/\/sartoriatelier.com\/wp-content\/uploads\/2025\/04\/Voila-back-1229x1536.webp 1229w, https:\/\/sartoriatelier.com\/wp-content\/uploads\/2025\/04\/Voila-back-10x12.webp 10w, https:\/\/sartoriatelier.com\/wp-content\/uploads\/2025\/04\/Voila-back-120x150.webp 120w, https:\/\/sartoriatelier.com\/wp-content\/uploads\/2025\/04\/Voila-back.webp 1500w\" sizes=\"(max-width: 240px) 100vw, 240px\" \/><\/div>\n\t\t<\/figure>\n\t<\/div>\n<\/div><\/div><\/div><\/div><\/div><\/div><\/div><\/div><\/div><div  class=\"sec_row container\"><div class=\"vc_row wpb_row vc_row-fluid\"><div class=\"wpb_column vc_column_container vc_col-sm-12 et-dark-column\"><div class=\"vc_column-inner\"><div class=\"wpb_wrapper\">\n\t<div class=\"wpb_text_column wpb_content_element\" >\n\t\t<div class=\"wpb_wrapper\">\n\t\t\t<h3 data-start=\"2209\" data-end=\"2243\"><strong data-start=\"2213\" data-end=\"2243\">De error a prenda estrella<\/strong><\/h3>\n<p data-start=\"2245\" data-end=\"2426\">Aun quedaba algo ajustado, pero ese \u201cdefecto\u201d cre\u00f3 un efecto sutilmente push-up que realzaba de forma natural.<br data-start=\"2356\" data-end=\"2359\" \/>Lo que parec\u00eda un error se convirti\u00f3 en su rasgo m\u00e1s distintivo.<\/p>\n<hr data-start=\"2428\" data-end=\"2431\" \/>\n<h3 data-start=\"2433\" data-end=\"2464\"><strong data-start=\"2437\" data-end=\"2464\">El bautismo perfecto: Voil\u00e0<\/strong><\/h3>\n<p data-start=\"2466\" data-end=\"2674\">Ten\u00eda el bralette en el maniqu\u00ed cuando una amiga vino a visitarme. Le cont\u00e9 toda la historia, y al mostrarle c\u00f3mo se abr\u00eda el cierre con un gesto teatral, exclam\u00e9: \u201c\u00a1Voil\u00e0!\u201d<br data-start=\"2645\" data-end=\"2648\" \/>El nombre qued\u00f3 sellado en ese instante.<\/p>\n<p data-start=\"2676\" data-end=\"2979\">Porque eso es exactamente lo que provoca: un efecto sorpresa, un segundo momento de revelaci\u00f3n, ese juego entre lo visible y lo oculto que a\u00f1ade una dosis inesperada de sensualidad.<br data-start=\"2858\" data-end=\"2861\" \/>Como amante de la lencer\u00eda francesa, me pareci\u00f3 el nombre perfecto. Voil\u00e0. Lo dice todo.<\/p>\n<hr data-start=\"2981\" data-end=\"2984\" \/>\n<h3 data-start=\"2986\" data-end=\"3022\"><strong data-start=\"2990\" data-end=\"3022\">De prototipo a fen\u00f3meno<\/strong><\/h3>\n<p data-start=\"3024\" data-end=\"3329\">Al d\u00eda siguiente ten\u00eda un market y llev\u00e9 el \u00fanico prototipo. Se vendi\u00f3 apenas instal\u00e9 el stand.<br data-start=\"3129\" data-end=\"3132\" \/>Antes de entregarlo grab\u00e9 un peque\u00f1o reel para Instagram, sin imaginar lo que vendr\u00eda: el v\u00eddeo se volvi\u00f3 viral (al menos para mis est\u00e1ndares). Los pedidos comenzaron a llegar uno tras otro.<\/p>\n<p data-start=\"3331\" data-end=\"3706\">Pero lo m\u00e1s inesperado fue recibir mensajes de varias mujeres que acababan de ser madres.<br data-start=\"3424\" data-end=\"3427\" \/>Hab\u00edan visto el dise\u00f1o y lo reconocieron como el bralette de lactancia perfecto: con acceso frontal, buena sujeci\u00f3n y, sobre todo, con ese aire lencero que les permit\u00eda seguir sinti\u00e9ndose bonitas.<br data-start=\"3620\" data-end=\"3623\" \/>Una pieza que un\u00eda funcionalidad y sensualidad en un momento de tantos cambios.<\/p>\n<hr data-start=\"3708\" data-end=\"3711\" \/>\n<h3 data-start=\"3713\" data-end=\"3754\"><strong data-start=\"3717\" data-end=\"3754\">Las historias que tejen nuestras prendas<\/strong><\/h3>\n<p data-start=\"3756\" data-end=\"4080\">Pocos d\u00edas despu\u00e9s, en otro market durante el festival Jazztronic, apenas tuve tiempo de coser una segunda muestra.<br data-start=\"3866\" data-end=\"3869\" \/>Un chico se acerc\u00f3 buscando un regalo sorpresa para su pareja, que estaba por all\u00ed. Fue una venta r\u00e1pida y secreta, tanto que olvid\u00e9 mencionarle el \u201cefecto sorpresa\u201d del dise\u00f1o.<\/p>\n<p data-start=\"4082\" data-end=\"4308\">A veces me r\u00edo al imaginar la escena: no solo el regalo inesperado, sino el segundo momento de descubrimiento al usarlo por primera vez.<br data-start=\"4248\" data-end=\"4251\" \/>Parejita, si est\u00e1is leyendo esto\u2026 contadme c\u00f3mo fue.<\/p>\n<hr data-start=\"4310\" data-end=\"4313\" \/>\n<h3 data-start=\"4315\" data-end=\"4382\"><strong data-start=\"4319\" data-end=\"4382\">La evoluci\u00f3n del Voil\u00e0: adaptabilidad y dise\u00f1o inteligente<\/strong><\/h3>\n<p data-start=\"4384\" data-end=\"4756\">Con el tiempo, el dise\u00f1o del Voil\u00e0 sigui\u00f3 transform\u00e1ndose.<br data-start=\"4415\" data-end=\"4418\" \/>Elimin\u00e9 la espalda tradicional con cierre y la reemplac\u00e9 por dos tirantes completamente regulables, dejando la espalda descubierta.<br data-start=\"4540\" data-end=\"4543\" \/>No fue solo una decisi\u00f3n est\u00e9tica: buscaba que la pieza se adaptara a la diversidad de cuerpos.<br data-start=\"4632\" data-end=\"4635\" \/>El cierre frontal permiti\u00f3 un dise\u00f1o m\u00e1s limpio, vers\u00e1til y c\u00f3modo.<\/p>\n<hr data-start=\"4758\" data-end=\"4761\" \/>\n<h3 data-start=\"4763\" data-end=\"4802\"><strong data-start=\"4767\" data-end=\"4802\">Dos versiones, dos personalidades<\/strong><\/h3>\n\n\t\t<\/div>\n\t<\/div>\n<\/div><\/div><\/div><\/div><\/div><div  class=\"sec_row container\"><div class=\"vc_row wpb_row vc_row-fluid\"><div class=\"wpb_column vc_column_container vc_col-sm-6 et-dark-column\"><div class=\"vc_column-inner\"><div class=\"wpb_wrapper\">\n\t<div class=\"wpb_text_column wpb_content_element\" >\n\t\t<div class=\"wpb_wrapper\">\n\t\t\t<p><a href=\"https:\/\/sartoriatelier.com\/es\/shop\/lenceria\/bralette\/bralette-voila-encaje-frances\/\"><strong data-start=\"4804\" data-end=\"4819\">Voil\u00e0 de Encaje<\/strong><\/a> cuando est\u00e1 cerrado, deja entrever sutilmente el tirante del arn\u00e9s en el escote, insinuando lo que se oculta detr\u00e1s. Combina con la braguita <strong data-start=\"4946\" data-end=\"4957\">Kimera<\/strong> ambas con tirantes regulables, disponibles en encaje negro.<\/p>\n\n\t\t<\/div>\n\t<\/div>\n<\/div><\/div><\/div><div class=\"wpb_column vc_column_container vc_col-sm-6 et-dark-column\"><div class=\"vc_column-inner\"><div class=\"wpb_wrapper\">\n\t<div  class=\"wpb_single_image wpb_content_element vc_align_left wpb_content_element\">\n\t\t\n\t\t<figure class=\"wpb_wrapper vc_figure\">\n\t\t\t<div class=\"vc_single_image-wrapper   vc_box_border_grey\"><img decoding=\"async\" width=\"240\" height=\"300\" src=\"https:\/\/sartoriatelier.com\/wp-content\/uploads\/2025\/04\/Voila-banner-mobile-240x300.webp\" class=\"vc_single_image-img attachment-medium\" alt=\"Mujer usando lenceria de encaje frances, en pose sensual.\" title=\"Voila-banner-mobile\" srcset=\"https:\/\/sartoriatelier.com\/wp-content\/uploads\/2025\/04\/Voila-banner-mobile-240x300.webp 240w, https:\/\/sartoriatelier.com\/wp-content\/uploads\/2025\/04\/Voila-banner-mobile-768x959.webp 768w, https:\/\/sartoriatelier.com\/wp-content\/uploads\/2025\/04\/Voila-banner-mobile-10x12.webp 10w, https:\/\/sartoriatelier.com\/wp-content\/uploads\/2025\/04\/Voila-banner-mobile-120x150.webp 120w, https:\/\/sartoriatelier.com\/wp-content\/uploads\/2025\/04\/Voila-banner-mobile.webp 800w\" sizes=\"(max-width: 240px) 100vw, 240px\" \/><\/div>\n\t\t<\/figure>\n\t<\/div>\n<\/div><\/div><\/div><\/div><\/div><div  class=\"sec_row container\"><div class=\"vc_row wpb_row vc_row-fluid\"><div class=\"wpb_column vc_column_container vc_col-sm-12 et-dark-column\"><div class=\"vc_column-inner\"><div class=\"wpb_wrapper\"><div class=\"vc_row wpb_row vc_inner vc_row-fluid max_width\"><div class=\"wpb_column vc_column_container vc_col-sm-6 et-dark-column\"><div class=\"vc_column-inner\"><div class=\"wpb_wrapper\">\n\t<div class=\"wpb_text_column wpb_content_element\" >\n\t\t<div class=\"wpb_wrapper\">\n\t\t\t<p><strong data-start=\"5025\" data-end=\"5040\">Voil\u00e0 Mesh:<\/strong> Voil\u00e0 Mesh: una versi\u00f3n m\u00e1s decorativa, con una puntilla el\u00e1stica que suaviza el escote y crea un contraste entre transparencia y textura. Lo acompa\u00f1a un tanga minimalista<a href=\"https:\/\/sartoriatelier.com\/es\/shop\/lenceria\/braguita\/tanga-lia-tul-elastico\/\"> L\u00eda<\/a> con los mismos detalles, formando un conjunto arm\u00f3nico y contempor\u00e1neo.<\/p>\n\n\t\t<\/div>\n\t<\/div>\n<\/div><\/div><\/div><div class=\"wpb_column vc_column_container vc_col-sm-6 et-dark-column\"><div class=\"vc_column-inner\"><div class=\"wpb_wrapper\">\n\t<div  class=\"wpb_single_image wpb_content_element vc_align_left wpb_content_element\">\n\t\t\n\t\t<figure class=\"wpb_wrapper vc_figure\">\n\t\t\t<div class=\"vc_single_image-wrapper   vc_box_border_grey\"><img decoding=\"async\" width=\"240\" height=\"300\" src=\"https:\/\/sartoriatelier.com\/wp-content\/uploads\/2025\/04\/Voila-Ma-front-240x300.webp\" class=\"vc_single_image-img attachment-medium\" alt=\"Mujer en bralette negro de tul el\u00e1stico. Lencer\u00eda sensual y a medida.\" title=\"Voila-Ma-front\" srcset=\"https:\/\/sartoriatelier.com\/wp-content\/uploads\/2025\/04\/Voila-Ma-front-240x300.webp 240w, https:\/\/sartoriatelier.com\/wp-content\/uploads\/2025\/04\/Voila-Ma-front-819x1024.webp 819w, https:\/\/sartoriatelier.com\/wp-content\/uploads\/2025\/04\/Voila-Ma-front-768x960.webp 768w, https:\/\/sartoriatelier.com\/wp-content\/uploads\/2025\/04\/Voila-Ma-front-1229x1536.webp 1229w, https:\/\/sartoriatelier.com\/wp-content\/uploads\/2025\/04\/Voila-Ma-front-10x12.webp 10w, https:\/\/sartoriatelier.com\/wp-content\/uploads\/2025\/04\/Voila-Ma-front-120x150.webp 120w, https:\/\/sartoriatelier.com\/wp-content\/uploads\/2025\/04\/Voila-Ma-front.webp 1500w\" sizes=\"(max-width: 240px) 100vw, 240px\" \/><\/div>\n\t\t<\/figure>\n\t<\/div>\n<\/div><\/div><\/div><\/div><div class=\"vc_row wpb_row vc_inner vc_row-fluid max_width\"><div class=\"wpb_column vc_column_container vc_col-sm-12 et-dark-column\"><div class=\"vc_column-inner\"><div class=\"wpb_wrapper\">\n\t<div class=\"wpb_text_column wpb_content_element\" >\n\t\t<div class=\"wpb_wrapper\">\n\t\t\t<h3 data-start=\"5292\" data-end=\"5326\"><strong data-start=\"5296\" data-end=\"5326\">El car\u00e1cter de lo imperfecto<\/strong><\/h3>\n<p data-start=\"5328\" data-end=\"5580\">Este dise\u00f1o me recuerda que la perfecci\u00f3n, a veces, es menos interesante que el car\u00e1cter.<br data-start=\"5423\" data-end=\"5426\" \/>Que con la actitud correcta, los desv\u00edos se convierten en hallazgos.<br data-start=\"5486\" data-end=\"5489\" \/>Como en la vida, las piezas m\u00e1s memorables nacen de lo inesperado.<\/p>\n<hr data-start=\"5582\" data-end=\"5585\" \/>\n<h3 data-start=\"5587\" data-end=\"5630\"><strong data-start=\"5591\" data-end=\"5630\">C\u00f3mo elegir tu talla perfecta de Voil\u00e0<\/strong><\/h3>\n<p data-start=\"5632\" data-end=\"5719\">Gracias a su cierre frontal y espalda regulable, el Voil\u00e0 se adapta f\u00e1cilmente a diferentes cuerpos:<\/p>\n<ul data-start=\"5721\" data-end=\"5936\">\n<li data-start=\"5721\" data-end=\"5795\">\n<p data-start=\"5723\" data-end=\"5795\">Si sueles usar talla S, probablemente la S te quedar\u00e1 perfecta.<\/p>\n<\/li>\n<li data-start=\"5796\" data-end=\"5863\">\n<p data-start=\"5798\" data-end=\"5863\">Si tienes espalda m\u00e1s ancha y copa peque\u00f1a, elige una talla menor.<\/p>\n<\/li>\n<li data-start=\"5864\" data-end=\"5936\">\n<p data-start=\"5866\" data-end=\"5936\">Si tu espalda es m\u00e1s peque\u00f1a y tu copa m\u00e1s grande, sube una o dos tallas.<\/p>\n<\/li>\n<\/ul>\n<p data-start=\"5938\" data-end=\"5994\">Para una orientaci\u00f3n m\u00e1s precisa, puedes consultar la gu\u00eda de tallas.<\/p>\n<hr data-start=\"5996\" data-end=\"5999\" \/>\n<p data-start=\"6001\" data-end=\"6204\">\u00bfTienes alguna historia con un dise\u00f1o de Sartori que te haya sorprendido?<br data-start=\"6084\" data-end=\"6087\" \/>Comp\u00e1rtela con el hashtag <strong data-start=\"6101\" data-end=\"6117\">#EfectoVoil\u00e0<\/strong> Y si a\u00fan no conoces este bralette, puedes descubrirlo en la secci\u00f3n: <a href=\"https:\/\/sartoriatelier.com\/es\/shop\/lenceria\/bralette\/bralette-voila-tul-elastico\/\">Voil\u00e0 in mesh<\/a> section.<\/p>\n\n\t\t<\/div>\n\t<\/div>\n<\/div><\/div><\/div><\/div><\/div><\/div><\/div><\/div><\/div><div  class=\"sec_row container\"><div class=\"vc_row wpb_row vc_row-fluid\"><div class=\"wpb_column vc_column_container vc_col-sm-12 et-dark-column\"><div class=\"vc_column-inner\"><div class=\"wpb_wrapper\"><\/div><\/div><\/div><\/div><\/div>\n<\/div>","protected":false},"excerpt":{"rendered":"The extraordinary doesn\u2019t always reveal itself at first glance; sometimes it appears in that second act, when everything changes. The Accidental Birth of an Iconic Piece There are days in the atelier that begin with a perfectly planned idea and end with something completely unexpected \u2014 a creation that decides [...]","protected":false},"author":1,"featured_media":5633,"comment_status":"open","ping_status":"open","sticky":false,"template":"","format":"standard","meta":{"_joinchat":[],"footnotes":""},"categories":[193],"tags":[],"class_list":["post-5602","post","type-post","status-publish","format-standard","has-post-thumbnail","hentry","category-about-sartori-atelier"],"aioseo_notices":[],"_links":{"self":[{"href":"https:\/\/sartoriatelier.com\/es\/wp-json\/wp\/v2\/posts\/5602","targetHints":{"allow":["GET"]}}],"collection":[{"href":"https:\/\/sartoriatelier.com\/es\/wp-json\/wp\/v2\/posts"}],"about":[{"href":"https:\/\/sartoriatelier.com\/es\/wp-json\/wp\/v2\/types\/post"}],"author":[{"embeddable":true,"href":"https:\/\/sartoriatelier.com\/es\/wp-json\/wp\/v2\/users\/1"}],"replies":[{"embeddable":true,"href":"https:\/\/sartoriatelier.com\/es\/wp-json\/wp\/v2\/comments?post=5602"}],"version-history":[{"count":3,"href":"https:\/\/sartoriatelier.com\/es\/wp-json\/wp\/v2\/posts\/5602\/revisions"}],"predecessor-version":[{"id":5738,"href":"https:\/\/sartoriatelier.com\/es\/wp-json\/wp\/v2\/posts\/5602\/revisions\/5738"}],"wp:featuredmedia":[{"embeddable":true,"href":"https:\/\/sartoriatelier.com\/es\/wp-json\/wp\/v2\/media\/5633"}],"wp:attachment":[{"href":"https:\/\/sartoriatelier.com\/es\/wp-json\/wp\/v2\/media?parent=5602"}],"wp:term":[{"taxonomy":"category","embeddable":true,"href":"https:\/\/sartoriatelier.com\/es\/wp-json\/wp\/v2\/categories?post=5602"},{"taxonomy":"post_tag","embeddable":true,"href":"https:\/\/sartoriatelier.com\/es\/wp-json\/wp\/v2\/tags?post=5602"}],"curies":[{"name":"wp","href":"https:\/\/api.w.org\/{rel}","templated":true}]}}